[{"@context":"https:\/\/schema.org\/","@type":"Article","@id":"https:\/\/www.microtop.sk\/kybersikana-a-jej-pricina-nasou-necinnostou\/#Article","mainEntityOfPage":"https:\/\/www.microtop.sk\/kybersikana-a-jej-pricina-nasou-necinnostou\/","headline":"Kyber\u0161ikana a jej pr\u00ed\u010dina na\u0161ou ne\u010dinnos\u0165ou.","name":"Kyber\u0161ikana a jej pr\u00ed\u010dina na\u0161ou ne\u010dinnos\u0165ou.","description":"Internet prin\u00e1\u0161a so sebou tak, ako pozit\u00edvne a vhodn\u00e9 veci, tak aj tie ne\u017eiaduce, medzi ktor\u00e9 m\u00f4\u017eeme zaradi\u0165 napr\u00edklad aj kyber\u0161ikanu. V tejto dobe tak \u010dasto opakovan\u00e9 slovo sp\u00e1jan\u00e9 s rizikami modern\u00e9ho...","datePublished":"2019-05-25","dateModified":"2023-04-27","author":{"@type":"Person","@id":"https:\/\/www.microtop.sk\/author\/devene\/#Person","name":"devene","url":"https:\/\/www.microtop.sk\/author\/devene\/","identifier":1,"image":{"@type":"ImageObject","@id":"https:\/\/secure.gravatar.com\/avatar\/cfe4dae5aaf43720425415780408681beb9b9a829e9a657295ed1cacce5febc2?s=96&d=mm&r=g","url":"https:\/\/secure.gravatar.com\/avatar\/cfe4dae5aaf43720425415780408681beb9b9a829e9a657295ed1cacce5febc2?s=96&d=mm&r=g","height":96,"width":96}},"publisher":{"@type":"Organization","name":"microtop.sk","logo":{"@type":"ImageObject","@id":"\/logo.png","url":"\/logo.png","width":600,"height":60}},"image":{"@type":"ImageObject","@id":"https:\/\/www.microtop.sk\/wp-content\/uploads\/img_a302956_w2023_t1562345610.jpg","url":"https:\/\/www.microtop.sk\/wp-content\/uploads\/img_a302956_w2023_t1562345610.jpg","height":0,"width":0},"url":"https:\/\/www.microtop.sk\/kybersikana-a-jej-pricina-nasou-necinnostou\/","wordCount":464,"articleBody":"Internet prin\u00e1\u0161a so sebou tak, ako pozit\u00edvne a vhodn\u00e9 veci, tak aj tie ne\u017eiaduce, medzi ktor\u00e9 m\u00f4\u017eeme zaradi\u0165 napr\u00edklad aj kyber\u0161ikanu. V tejto dobe tak \u010dasto opakovan\u00e9 slovo sp\u00e1jan\u00e9 s rizikami modern\u00e9ho sveta je v\u00e1\u017enej\u0161ia vec, ne\u017e sa m\u00f4\u017ee niektor\u00fdm na prv\u00fd poh\u013ead zda\u0165. T\u00fdka\u0165 sa m\u00f4\u017ee \u00faplne kohoko\u013evek, kto m\u00e1 pr\u00edstup na internet a na akomko\u013evek zariaden\u00ed. Grafy a v\u00fdskumy ukazuj\u00fa, \u017ee najv\u00e4\u010d\u0161iu skupinu zasiahnut\u00fdch tvoria teenegery, \u010di\u017ee deti vo veku pribli\u017ene 12- 21 rokov. P\u00fdtate sa, \u010d\u00edm to je, \u017ee pr\u00e1ve t\u00e1to skupina \u013eud\u00ed je najviac postihnut\u00e1 t\u00fdmto javom? Je to samozrejme kv\u00f4li veku doty\u010dn\u00fdch, kv\u00f4li ich zmene, \u010di u\u017e hormon\u00e1lnej, telesnej, vizu\u00e1lnej a spojenej s obdob\u00edm puberty.  Kyber\u0161ikana, ako jav predstavuje druh \u0161ikany vykon\u00e1van\u00fd prostredn\u00edctvom komunika\u010dn\u00fdch a informa\u010dn\u00fdch technol\u00f3gi\u00ed. V dne\u0161nej dobe sa nie je \u010do \u010dudova\u0165, \u017ee sa deje hlavne na soci\u00e1lnych sie\u0165ach, ako s\u00fa Facebook, Twitter \u010di Instagram, ke\u010f\u017ee na\u0161e deti tr\u00e1via online v\u00e4\u010d\u0161inu svojho \u010dasu. Preto je ve\u013ea kr\u00e1t \u0165a\u017ek\u00e9 si v\u0161imn\u00fa\u0165, \u017ee pr\u00e1ve va\u0161e die\u0165a je obe\u0165ou, \u010di samotn\u00fdm vykon\u00e1vate\u013eom \u0161ikany. Zvykli sme si na to, \u017ee na\u0161e deti maj\u00fa svoju z\u00e1bavu, ktorou je internet a miesto toho, aby sme s nimi rie\u0161ili, \u010do na \u0148om robia, a ako konkr\u00e9tne tr\u00e1via svoj \u010das d\u00e1vame im prive\u013ek\u00fa slobodu, ktor\u00e1 nem\u00e1 hranice. A ak im aj nejak\u00e9 stanov\u00edme, kto n\u00e1m zabezpe\u010d\u00ed, \u017ee ke\u010f sa ned\u00edvame sa dodr\u017eiavaj\u00fa? Anonymita prin\u00e1\u0161a p\u00e1chate\u013eovi pocit bez\u00fahonnosti a nec\u00edti vinu tak, akoby c\u00edtil pri odhalen\u00ed jeho identity. Obete v\u0161ak m\u00e1vaj\u00fa vytypovan\u00fdch p\u00e1chate\u013eov, preto\u017ee tak\u00e1to forma \u0161ikany sa pren\u00e1\u0161a aj do re\u00e1lneho sveta mlad\u00fdch \u013eud\u00ed, do lav\u00edc a chodieb tried, ako do parkov a mestsk\u00fdch \u010dast\u00ed. Agresorom m\u00f4\u017ee by\u0165 \u010dlovek, ktor\u00fd m\u00e1 probl\u00e9my s\u00e1m so sebou a vyb\u00farenie si svojej nevyrovnanosti na druhom mu prin\u00e1\u0161a klamliv\u00fd pocit toho, \u017ee on s\u00e1m je v poriadku. Agresori niekedy potrebuj\u00fa v\u00e4\u010d\u0161iu psychologick\u00fa pomoc po ich odhalen\u00ed, ne\u017e samotn\u00e9 obete, ktor\u00e9 tento \u010din m\u00f4\u017ee posilni\u0165 na duchu. Tento jav sa st\u00e1va \u010doraz \u010dastej\u0161\u00edm a preto je d\u00f4le\u017eit\u00e9 venova\u0165 mu aspo\u0148 trochu pozornosti a predov\u0161etk\u00fdm je doslova \u017eiaduce venova\u0165 svoj \u010das va\u0161im potomkom a pred\u00eds\u0165 tak mo\u017en\u00fdm zlyhaniam vo va\u0161ej v\u00fdchove, ktor\u00e9 sa prejavia na citovej nevyrovnanosti va\u0161im ratolest\u00ed.                                                                                                                                                                                                                                                                                                                                                                                        4.3\/5 - (9 votes)        "},{"@context":"https:\/\/schema.org\/","@type":"BreadcrumbList","itemListElement":[{"@type":"ListItem","position":1,"name":"Kyber\u0161ikana a jej pr\u00ed\u010dina na\u0161ou ne\u010dinnos\u0165ou.","item":"https:\/\/www.microtop.sk\/kybersikana-a-jej-pricina-nasou-necinnostou\/#breadcrumbitem"}]}]